{"id":426,"date":"2014-05-05T21:38:30","date_gmt":"2014-05-05T20:38:30","guid":{"rendered":"http:\/\/www.centerarhitekture.org\/ca\/?p=426"},"modified":"2017-08-21T21:45:05","modified_gmt":"2017-08-21T20:45:05","slug":"darilo-slovenske-arhitekture-ivan-vurnik-in-helena-kottler-vurnik-z-akademijo-za-likovno-umetnost-in-oblikovanje","status":"publish","type":"post","link":"https:\/\/www.centerarhitekture.org\/en\/darilo-slovenske-arhitekture-ivan-vurnik-in-helena-kottler-vurnik-z-akademijo-za-likovno-umetnost-in-oblikovanje\/","title":{"rendered":"Darilo slovenske arhitekture: Ivan Vurnik in Helena Kottler Vurnik z Akademijo za likovno umetnost in oblikovanje"},"content":{"rendered":"<p><strong>Ljubljana, Radovljica<br \/>\n2014<\/strong><\/p>\n<p><strong>THE GIFT OF SLOVENIAN ARCHITECTURE<\/strong> je kolekcija izdelkov z motivi iz klju\u010dnih del slovenske arhitekturne dedi\u0161\u010dine in sodobnosti. Nastalo je na pobudo in pod vodstvom Centra arhitekture Slovenije (CAS).<\/p>\n<p>Darila imajo poleg svoje uporabne vrednosti tudi pomembno sporo\u010dilno vrednost, saj podpirajo prizadevanja za ve\u010danje zavesti o kakovostni slovenski arhitekturi in njeno predstavitev doma\u010di in tuji javnosti.<\/p>\n<p>Vsa darila so oblikovali bodo\u010di slovenski oblikovalci, izdelujejo jih slovenski proizvajalci.<\/p>\n<p>\u0160tudentom, ki sodelujejo v projektu, pred za\u010detkom dela predstavimo \u017eivljenje in delo arhitektov, ki jih obravnavajo. Predavanja in vodstva pripravijo strokovnjaki, ki so poznavalci posameznega podro\u010dja.<\/p>\n<p>Kolekcija je prva v seriji in je povezana z delom arhitekta Ivana Vurnika (1884\u20131971) in njegove \u017eene, slikarke Helena Kottler Vurnik (1882\u20131962). Izdelke so oblikovali mladi slovenski oblikovalci in oblikovalke pod okriljem Akademije za likovno umetnost in oblikovanje Univerze v Ljubljani ter so nastali po motivih ene najzanimivej\u0161ih fasad ljubljanskih hi\u0161, dekoracije notranj\u0161\u010dine cerkve sv. Katarine v Topolu pri Medvodah ter s poslikane oltarne mize v kapeli sv. Cirila in Metoda v Vratih. Podjetja Svilanit, Luci, Emma, Tiskarna in knjigoveznica Radovljica in ZkotZ so zagotovila kakovost izvedbe omejene serije.<\/p>\n<p>Razstava IVAN VURNIK IN HELENA KOTTLER VURNIK: DARILO SLOVENSKE ARHITEKTURE. Razstavljena so bila dela \u0161tudentk in \u0161tudentov 1., 2., in 3. letnika Akademije za likovno umetnost in oblikovanje Univerze v Ljubljani, \u0161tudijske smeri Industrijsko oblikovanje, pod vodstvom prof. Vladimirja Pezdirca in doc. Jureta Miklavca, ter smeri Grafi\u010dno oblikovanje, pod vodstvom prof. Ranka Novaka.<\/p>","protected":false},"excerpt":{"rendered":"<p>Ljubljana, Radovljica 2014 DARILO SLOVENSKE ARHITEKTURE je kolekcija izdelkov z motivi iz klju\u010dnih del slovenske arhitekturne dedi\u0161\u010dine in sodobnosti. Nastalo je na pobudo in pod vodstvom Centra arhitekture Slovenije (CAS). Darila imajo poleg svoje uporabne vrednosti tudi pomembno sporo\u010dilno vrednost, saj podpirajo prizadevanja za ve\u010danje zavesti o kakovostni slovenski arhitekturi in njeno predstavitev doma\u010di in  [&#8230;]<\/p>\n","protected":false},"author":1,"featured_media":433,"comment_status":"open","ping_status":"open","sticky":false,"template":"","format":"standard","meta":{"iawp_total_views":4,"footnotes":""},"categories":[25],"tags":[],"class_list":["post-426","post","type-post","status-publish","format-standard","has-post-thumbnail","hentry","category-delavnice"],"_links":{"self":[{"href":"https:\/\/www.centerarhitekture.org\/en\/wp-json\/wp\/v2\/posts\/426","targetHints":{"allow":["GET"]}}],"collection":[{"href":"https:\/\/www.centerarhitekture.org\/en\/wp-json\/wp\/v2\/posts"}],"about":[{"href":"https:\/\/www.centerarhitekture.org\/en\/wp-json\/wp\/v2\/types\/post"}],"author":[{"embeddable":true,"href":"https:\/\/www.centerarhitekture.org\/en\/wp-json\/wp\/v2\/users\/1"}],"replies":[{"embeddable":true,"href":"https:\/\/www.centerarhitekture.org\/en\/wp-json\/wp\/v2\/comments?post=426"}],"version-history":[{"count":1,"href":"https:\/\/www.centerarhitekture.org\/en\/wp-json\/wp\/v2\/posts\/426\/revisions"}],"predecessor-version":[{"id":436,"href":"https:\/\/www.centerarhitekture.org\/en\/wp-json\/wp\/v2\/posts\/426\/revisions\/436"}],"wp:featuredmedia":[{"embeddable":true,"href":"https:\/\/www.centerarhitekture.org\/en\/wp-json\/wp\/v2\/media\/433"}],"wp:attachment":[{"href":"https:\/\/www.centerarhitekture.org\/en\/wp-json\/wp\/v2\/media?parent=426"}],"wp:term":[{"taxonomy":"category","embeddable":true,"href":"https:\/\/www.centerarhitekture.org\/en\/wp-json\/wp\/v2\/categories?post=426"},{"taxonomy":"post_tag","embeddable":true,"href":"https:\/\/www.centerarhitekture.org\/en\/wp-json\/wp\/v2\/tags?post=426"}],"curies":[{"name":"wp","href":"https:\/\/api.w.org\/{rel}","templated":true}]}}