{"id":357,"date":"2013-03-12T19:49:40","date_gmt":"2013-03-12T18:49:40","guid":{"rendered":"http:\/\/www.centerarhitekture.org\/ca\/?p=357"},"modified":"2017-12-08T01:55:00","modified_gmt":"2017-12-08T01:55:00","slug":"kulturni-bazar-2009","status":"publish","type":"post","link":"https:\/\/www.centerarhitekture.org\/en\/kulturni-bazar-2009\/","title":{"rendered":"Kulturni bazar 2013"},"content":{"rendered":"<p><strong>Kulturni bazar \u017ee od leta 2009 na enodnevnem dogodku, ki se odvija v Cankarjevem domu, predstavlja ponudbo \u0161tevilnih kulturnih ustanov in samostojnih ustvarjalcev iz vse Slovenije. Ti se predstavljajo na predstavitvenih prostorih v vseh treh preddverjih, v predavalnicah in dvoranah pa se zvrstijo \u0161tevilna predavanja, delavnice in strokovne razprave z razli\u010dnih podro\u010dij, vodeni ogledi, razstave in nastopi. Cilji Kulturnega bazarja so predstaviti kakovostne projekte in programe, ki jih kulturne ustanove ponujajo za otroke in mladino, <\/strong>spodbuditi in predstaviti mo\u017enosti za povezovanje in sodelovanje kulturnih ustanov z vrtci in \u0161olami ter tudi partnerstva med kulturnimi ustanovami, okrepiti zavest o pomenu kulturno-umetnostne vzgoje v vzgoji in izobra\u017eevanju ter \u0161ir\u0161i dru\u017ebi, seznaniti s pozitivnimi vplivi kakovostne kulturno-umetnostne vzgoje otrok in mladine oziroma v vrtcih in \u0161olah ter spodbuditi kreativnost in kreativna partnerstva na podro\u010dju kulture in izobra\u017eevanja.<\/p>\n<p>Center arhitekture Slovenije s programom Igriva arhitektura \u017ee od samega za\u010detka sodeluje na Kulturnem bazarju. Svoje izobra\u017eevalne vsebine predstavljamo na predstavitvenem prostoru, prirejamo delavnice, predstavili pa smo se tudi s predavanji in delavnicami za pedagoge. Leta 2016 smo postali nacionalni koordinator za podro\u010dje Arhitektura in oblikovanje.<\/p>","protected":false},"excerpt":{"rendered":"<p>Kulturni bazar \u017ee od leta 2009 na enodnevnem dogodku, ki se odvija v Cankarjevem domu, predstavlja ponudbo \u0161tevilnih kulturnih ustanov in samostojnih ustvarjalcev iz vse Slovenije. Ti se predstavljajo na predstavitvenih prostorih v vseh treh preddverjih, v predavalnicah in dvoranah pa se zvrstijo \u0161tevilna predavanja, delavnice in strokovne razprave z razli\u010dnih podro\u010dij, vodeni ogledi, razstave  [&#8230;]<\/p>\n","protected":false},"author":1,"featured_media":1630,"comment_status":"open","ping_status":"open","sticky":false,"template":"","format":"standard","meta":{"iawp_total_views":0,"footnotes":""},"categories":[25],"tags":[],"class_list":["post-357","post","type-post","status-publish","format-standard","has-post-thumbnail","hentry","category-delavnice"],"_links":{"self":[{"href":"https:\/\/www.centerarhitekture.org\/en\/wp-json\/wp\/v2\/posts\/357","targetHints":{"allow":["GET"]}}],"collection":[{"href":"https:\/\/www.centerarhitekture.org\/en\/wp-json\/wp\/v2\/posts"}],"about":[{"href":"https:\/\/www.centerarhitekture.org\/en\/wp-json\/wp\/v2\/types\/post"}],"author":[{"embeddable":true,"href":"https:\/\/www.centerarhitekture.org\/en\/wp-json\/wp\/v2\/users\/1"}],"replies":[{"embeddable":true,"href":"https:\/\/www.centerarhitekture.org\/en\/wp-json\/wp\/v2\/comments?post=357"}],"version-history":[{"count":2,"href":"https:\/\/www.centerarhitekture.org\/en\/wp-json\/wp\/v2\/posts\/357\/revisions"}],"predecessor-version":[{"id":401,"href":"https:\/\/www.centerarhitekture.org\/en\/wp-json\/wp\/v2\/posts\/357\/revisions\/401"}],"wp:featuredmedia":[{"embeddable":true,"href":"https:\/\/www.centerarhitekture.org\/en\/wp-json\/wp\/v2\/media\/1630"}],"wp:attachment":[{"href":"https:\/\/www.centerarhitekture.org\/en\/wp-json\/wp\/v2\/media?parent=357"}],"wp:term":[{"taxonomy":"category","embeddable":true,"href":"https:\/\/www.centerarhitekture.org\/en\/wp-json\/wp\/v2\/categories?post=357"},{"taxonomy":"post_tag","embeddable":true,"href":"https:\/\/www.centerarhitekture.org\/en\/wp-json\/wp\/v2\/tags?post=357"}],"curies":[{"name":"wp","href":"https:\/\/api.w.org\/{rel}","templated":true}]}}