{"id":235,"date":"2013-06-13T17:33:21","date_gmt":"2013-06-13T16:33:21","guid":{"rendered":"http:\/\/www.centerarhitekture.org\/ca\/?p=235"},"modified":"2017-12-08T01:55:17","modified_gmt":"2017-12-08T01:55:17","slug":"konferenca-euracademy-kultura-in-krajina-prispevki-k-trajnostnemu-razvoju-podezelja","status":"publish","type":"post","link":"https:\/\/www.centerarhitekture.org\/en\/konferenca-euracademy-kultura-in-krajina-prispevki-k-trajnostnemu-razvoju-podezelja\/","title":{"rendered":"Konferenca Euracademy 2013"},"content":{"rendered":"<p><strong>Kultura in krajina: prispevki k trajnostnemu razvoju pode\u017eelja<\/strong><\/p>\n<p><strong>Lo\u0161ki potok<br \/>\n13. do 21.6.2013<\/strong><\/p>\n<p>Sodelovali smo na 12. Poletni akademiji Kultura in krajina: prispevki k trajnostnemu razvoju pode\u017eelja, ki je potekala v sodelovanju z Notranjskim ekolo\u0161kim centrom v Cerknici od 13. do 21. julija 2013 v Lo\u0161kem Potoku. Pripravili smo predavanje in se udele\u017eili razprav ter delavnice na temo trajnostnega razvoja.<\/p>","protected":false},"excerpt":{"rendered":"<p>Kultura in krajina: prispevki k trajnostnemu razvoju pode\u017eelja Lo\u0161ki potok 13. do 21.6.2013 Sodelovali smo na 12. Poletni akademiji Kultura in krajina: prispevki k trajnostnemu razvoju pode\u017eelja, ki je potekala v sodelovanju z Notranjskim ekolo\u0161kim centrom v Cerknici od 13. do 21. julija 2013 v Lo\u0161kem Potoku. Pripravili smo predavanje in se udele\u017eili razprav ter  [&#8230;]<\/p>\n","protected":false},"author":1,"featured_media":1632,"comment_status":"open","ping_status":"open","sticky":false,"template":"","format":"standard","meta":{"iawp_total_views":0,"footnotes":""},"categories":[24],"tags":[],"class_list":["post-235","post","type-post","status-publish","format-standard","has-post-thumbnail","hentry","category-konference"],"_links":{"self":[{"href":"https:\/\/www.centerarhitekture.org\/en\/wp-json\/wp\/v2\/posts\/235","targetHints":{"allow":["GET"]}}],"collection":[{"href":"https:\/\/www.centerarhitekture.org\/en\/wp-json\/wp\/v2\/posts"}],"about":[{"href":"https:\/\/www.centerarhitekture.org\/en\/wp-json\/wp\/v2\/types\/post"}],"author":[{"embeddable":true,"href":"https:\/\/www.centerarhitekture.org\/en\/wp-json\/wp\/v2\/users\/1"}],"replies":[{"embeddable":true,"href":"https:\/\/www.centerarhitekture.org\/en\/wp-json\/wp\/v2\/comments?post=235"}],"version-history":[{"count":6,"href":"https:\/\/www.centerarhitekture.org\/en\/wp-json\/wp\/v2\/posts\/235\/revisions"}],"predecessor-version":[{"id":256,"href":"https:\/\/www.centerarhitekture.org\/en\/wp-json\/wp\/v2\/posts\/235\/revisions\/256"}],"wp:featuredmedia":[{"embeddable":true,"href":"https:\/\/www.centerarhitekture.org\/en\/wp-json\/wp\/v2\/media\/1632"}],"wp:attachment":[{"href":"https:\/\/www.centerarhitekture.org\/en\/wp-json\/wp\/v2\/media?parent=235"}],"wp:term":[{"taxonomy":"category","embeddable":true,"href":"https:\/\/www.centerarhitekture.org\/en\/wp-json\/wp\/v2\/categories?post=235"},{"taxonomy":"post_tag","embeddable":true,"href":"https:\/\/www.centerarhitekture.org\/en\/wp-json\/wp\/v2\/tags?post=235"}],"curies":[{"name":"wp","href":"https:\/\/api.w.org\/{rel}","templated":true}]}}